{"id":51,"date":"2013-06-16T12:45:00","date_gmt":"2013-06-16T12:45:00","guid":{"rendered":"http:\/\/gruene-dieburg.de\/dieblog\/?p=51"},"modified":"2020-11-03T09:03:28","modified_gmt":"2020-11-03T09:03:28","slug":"51","status":"publish","type":"post","link":"https:\/\/gruene-dieburg.de\/web\/?p=51","title":{"rendered":"Gr\u00fcne Landtagsfraktion besucht Dieburg"},"content":{"rendered":"<h3>Einladung zum Dialog mit den Landtagsabgeordneten<\/h3>\n<p>\u201eRaus aus dem Landtagsb\u00fcro, hin zu den B\u00fcrgerinnen und B\u00fcrgern\u201c lautet das Motto, unter dem die Landtagsfraktion von B\u00fcndnis 90\/DIE GR\u00dcNEN im Rahmen ihrer \u201eKonzepte f\u00fcr Hessen \u2013 Tour 2013\u201c der Einladung der GR\u00dcNEN in Dieburg folgt und in Dieburg einen Tourstopp  einlegt.<\/p>\n<p>\u201eDie GR\u00dcNE Landtagsfraktion hat seit Beginn der Legislaturperiode 29 Konzepte zu den unterschiedlichsten Themenbereichen der Landespolitik erarbeitet. Diese wollen wir vorstellen, aber vor allem auch zuh\u00f6ren, diskutieren und Ideen aufgreifen. Denn nach 14 Jahren CDU-Landesregierung braucht es dringend wieder eine andere politische Kultur. Das Land ist f\u00fcr die B\u00fcrgerinnen und B\u00fcrger da und geh\u00f6rt nicht einer Partei\u201c, erl\u00e4utert Kordula Schulz-Asche,Landesvorsitzende und stellvertretende Fraktionsvorsitzende der hessischen GR\u00dcNEN, die auch in Dieburg dabei sein wird.<\/p>\n<p>Alle B\u00fcrgerinnen und B\u00fcrger sind herzlich eingeladen<\/p>\n<p align=\"center\"><b>am  Samstag, 29. Juni 2013 <br \/>von 10 Uhr bis 12 Uhr <br \/>auf dem Marktplatz in Dieburg<\/b><\/p>\n<p>am Infostand ins Gespr\u00e4ch mit den GR\u00dcNEN zu kommen.<\/p>\n<p>Dort werden die Landtagsabgeordneten Kordula Schulz-Asche,(Sprecherin f\u00fcr Gesundheit und Behindertenpolitik), Sigrid Erfurth, (Sprecherin f\u00fcr Finanzen, Wirtschaft und Europa), Karin M\u00fcller (verkehrspolitische Sprecherin) und Angela Dorn (Sprecherin f\u00fcr Umwelt und Energie) Rede und Antwort stehen.<\/p>\n<p>Au\u00dferdem finden folgende Besuchstermine bei \u00f6rtlichen Einrichtungen, Verb\u00e4nden und Organisationen statt: <br \/>Um 11.00 Uhr werden die Abgeordneten die Beratungsstelle \u201eFrauen helfen Frauen e.V.\u201c in der Rheingaustra\u00dfe besuchen und sich dort \u00fcber das vielf\u00e4ltige Angebot f\u00fcr hilfesuchende, von Gewalt betroffene Frauen informieren. <br \/>Anschlie\u00dfend besuchen sie den Werkstattladen &#8222;Unikat&#8220; des Vereins Behindertenhilfe Dieburg e.V. in der Fu\u00dfg\u00e4ngerzone, dessen meist ehrenamtliche MitarbeiterInnen das Ziel des Vereins unterst\u00fctzen, auf die Vielf\u00e4ltigkeit und hohe Qualit\u00e4t der Produkte aus Werkst\u00e4tten f\u00fcr behinderte Menschen aufmerksam zu machen und damit ihre Arbeit ins Dieburger Zentrum zu r\u00fccken. <br \/>Direkt an den Infostand haben die Dieburger GR\u00dcNEN zahlreiche VertretrInnen von Initiativen eingeladen, so z.B. Mitglieder des Verein \u201eGedankenstein\u201c und \u201eGoethes Weltladen\u201c, einem von Sch\u00fclerInnen und LehrerInnen der Goetheschule in Zusammenarbeit mit engagierten SeniorInnen aufgebauten Weltladen. <br \/>Zu Gast wird auch die Direktkandidatin des Wahlkreises 52 der GR\u00dcNEN, Iris Schimpf-Reeg sein und die Landtagsfraktion begr\u00fc\u00dfen. <\/p>\n<p>Von  April bis zu Beginn der Sommerferien im Juli 2013 bereisen die Abgeordneten der GR\u00dcNEN Landtagsfraktion im Rahmen der \u201eKonzepte f\u00fcr Hessen \u2013 Tour 2013\u201c die Landkreise und kreisfreien St\u00e4dte in Hessen. Feste Bestandteile eines jedes Tourstopps sind das Gespr\u00e4ch mit B\u00fcrgerinnen und B\u00fcrger an einem Infostand und der Besuch von Einrichtungen, Vereinen oder Verb\u00e4nden in der jeweiligen Region. Der Transport des Infostandes erfolgt mit einem extra gestalteten, mit Erdgas betriebenen Opel Zafira. \u201eWenn die Hessinnen und Hessen also demn\u00e4chst ein knallgr\u00fcnes Auto auf den Stra\u00dfen sehen, dann ist es wahrscheinlich die GR\u00dcNE Landtagsfraktion auf Tour\u201c. Unter www.gruene-hessen.de finden sich alle Infos zur Tour.<\/p>\n","protected":false},"excerpt":{"rendered":"<p>Einladung zum Dialog mit den Landtagsabgeordneten \u201eRaus aus dem Landtagsb\u00fcro, hin zu den B\u00fcrgerinnen und B\u00fcrgern\u201c lautet das Motto, unter dem die Landtagsfraktion von B\u00fcndnis 90\/DIE GR\u00dcNEN im Rahmen ihrer&#8230; <\/p>\n","protected":false},"author":3,"featured_media":0,"comment_status":"closed","ping_status":"closed","sticky":false,"template":"","format":"standard","meta":[],"categories":[2],"tags":[],"_links":{"self":[{"href":"https:\/\/gruene-dieburg.de\/web\/index.php?rest_route=\/wp\/v2\/posts\/51"}],"collection":[{"href":"https:\/\/gruene-dieburg.de\/web\/index.php?rest_route=\/wp\/v2\/posts"}],"about":[{"href":"https:\/\/gruene-dieburg.de\/web\/index.php?rest_route=\/wp\/v2\/types\/post"}],"author":[{"embeddable":true,"href":"https:\/\/gruene-dieburg.de\/web\/index.php?rest_route=\/wp\/v2\/users\/3"}],"replies":[{"embeddable":true,"href":"https:\/\/gruene-dieburg.de\/web\/index.php?rest_route=%2Fwp%2Fv2%2Fcomments&post=51"}],"version-history":[{"count":1,"href":"https:\/\/gruene-dieburg.de\/web\/index.php?rest_route=\/wp\/v2\/posts\/51\/revisions"}],"predecessor-version":[{"id":1352,"href":"https:\/\/gruene-dieburg.de\/web\/index.php?rest_route=\/wp\/v2\/posts\/51\/revisions\/1352"}],"wp:attachment":[{"href":"https:\/\/gruene-dieburg.de\/web\/index.php?rest_route=%2Fwp%2Fv2%2Fmedia&parent=51"}],"wp:term":[{"taxonomy":"category","embeddable":true,"href":"https:\/\/gruene-dieburg.de\/web\/index.php?rest_route=%2Fwp%2Fv2%2Fcategories&post=51"},{"taxonomy":"post_tag","embeddable":true,"href":"https:\/\/gruene-dieburg.de\/web\/index.php?rest_route=%2Fwp%2Fv2%2Ftags&post=51"}],"curies":[{"name":"wp","href":"https:\/\/api.w.org\/{rel}","templated":true}]}}