{"id":491,"date":"2016-10-23T22:06:51","date_gmt":"2016-10-23T22:06:51","guid":{"rendered":"http:\/\/gruene-dieburg.de\/dieblog\/?p=491"},"modified":"2022-01-31T11:04:28","modified_gmt":"2022-01-31T11:04:28","slug":"stadtradel-tour-mit-buergermeisterkandidaten","status":"publish","type":"post","link":"https:\/\/gruene-dieburg.de\/web\/?p=491","title":{"rendered":"Stadtradel-Tour mit B\u00fcrgermeisterkandidaten"},"content":{"rendered":"<p>Die letzte Stadtradel-Tour des Ortsverbands von B\u00fcndnis 90\/Die GR\u00dcNEN Dieburg f\u00fchrte am Samstag, den 08.10.2016 vom Startpunkt Landratsamt, wo der am Vortag er\u00f6ffnete Gedankenstein gew\u00fcrdigt wurde, in den S\u00fcden der Stadt und endete an der Feuerwehr. Aufgrund des Regenwetters war die Resonanz geringer als erwartet. Trotz der Teilnahme der beiden B\u00fcrgermeisterkandidaten Ren\u00e9e Exner (CDU) und Frank Haus (unabh\u00e4ngig) lie\u00dfen sich lediglich ein Dutzend Dieburger B\u00fcrger nicht von den \u00e4u\u00dferen Bedingungen abschrecken.<!--more--><\/p>\n<p>Am Landratsamt wurde die hei\u00dfdiskutierte Verkehrssituation begutachtet und die urspr\u00fcngliche Planung analysiert. Unverst\u00e4ndlich bleibt nach wie vor die fehlende Kommunikation zwischen Kreis und Stadt bei der Ausf\u00fchrung der Bauma\u00dfnahme. Eine Verschwenkung des Fu\u00dfg\u00e4ngerweges w\u00e4re aus Sicht der GR\u00dcNEN sinnvoll, allerdings ist die Finanzierungsfrage noch nicht gekl\u00e4rt. Ein paar Meter weiter wurde am Parkplatz auf der Leer \u00fcber m\u00f6gliche Ma\u00dfnahmen zur Parkraumgewinnung f\u00fcr die Innenstadt diskutiert. Neben dem Angebot eines st\u00e4dtischen Carsharing-Modells gibt es durch den Landkreis \u00dcberlegungen, ein Parkdeck im n\u00e4heren Radius der Schullandschaft zu bauen. Dies k\u00f6nnte in den Abendstunden und am Wochenende auch durch die Stadt genutzt werden. Nach einem kurzen Schlenker zum Sportplatz am Schlo\u00dfgarten f\u00fchrte die Stadtradel-Tour zum Parkplatz am Freibad, wo man Zeuge der gro\u00dfen Feuerwehr-\u00dcbung wurde. Hier kam das Gespr\u00e4ch auf die Themen Sportplatz- und Freibadsanierung sowie den Sachstand des geplanten Sportzentrums. Ebenso wie das Baugebiet Dieburg S\u00fcd, das sich von den M\u00e4rkten an der B26 bis zum Polizeikreisel erstreckt, stehen hier in den n\u00e4chsten Jahren weitreichende und den st\u00e4dtischen Haushalt belastende Entscheidungen an. B\u00fcndnis 90\/Die GR\u00dcNEN Dieburg haben hier bereits klare Vorstellungen zur gew\u00fcnschten Ausgestaltung dargelegt. Abschlie\u00dfend f\u00fchrte die Stadtradel-Tour zum Feuerwehrhaus, \u00fcber das demn\u00e4chst die Entscheidung \u00fcber Neubau oder Sanierung getroffen werden muss.<br \/>\nAuch wenn bei dieser Rundfahrt eine gr\u00f6\u00dfere Teilnahme von Dieburger B\u00fcrger\/-innen erfreulich gewesen w\u00e4re, wird der Ortsverband der GR\u00dcNEN auch in 2017 weitere Radtouren zur Diskussion und Beteiligung der Bev\u00f6lkerung an aktuellen stadtpolitischen Ereignissen anbieten.<\/p>\n<img src=\"http:\/\/gruene-dieburg.de\/images\/20161008-stadtradeln.jpg\" alt=\"stadtradeln\" \/>\n","protected":false},"excerpt":{"rendered":"<p>Die letzte Stadtradel-Tour des Ortsverbands von B\u00fcndnis 90\/Die GR\u00dcNEN Dieburg f\u00fchrte am Samstag, den 08.10.2016 vom Startpunkt Landratsamt, wo der am Vortag er\u00f6ffnete Gedankenstein gew\u00fcrdigt wurde, in den S\u00fcden der&#8230; <\/p>\n","protected":false},"author":8,"featured_media":0,"comment_status":"closed","ping_status":"closed","sticky":false,"template":"","format":"standard","meta":[],"categories":[2],"tags":[],"_links":{"self":[{"href":"https:\/\/gruene-dieburg.de\/web\/index.php?rest_route=\/wp\/v2\/posts\/491"}],"collection":[{"href":"https:\/\/gruene-dieburg.de\/web\/index.php?rest_route=\/wp\/v2\/posts"}],"about":[{"href":"https:\/\/gruene-dieburg.de\/web\/index.php?rest_route=\/wp\/v2\/types\/post"}],"author":[{"embeddable":true,"href":"https:\/\/gruene-dieburg.de\/web\/index.php?rest_route=\/wp\/v2\/users\/8"}],"replies":[{"embeddable":true,"href":"https:\/\/gruene-dieburg.de\/web\/index.php?rest_route=%2Fwp%2Fv2%2Fcomments&post=491"}],"version-history":[{"count":2,"href":"https:\/\/gruene-dieburg.de\/web\/index.php?rest_route=\/wp\/v2\/posts\/491\/revisions"}],"predecessor-version":[{"id":759,"href":"https:\/\/gruene-dieburg.de\/web\/index.php?rest_route=\/wp\/v2\/posts\/491\/revisions\/759"}],"wp:attachment":[{"href":"https:\/\/gruene-dieburg.de\/web\/index.php?rest_route=%2Fwp%2Fv2%2Fmedia&parent=491"}],"wp:term":[{"taxonomy":"category","embeddable":true,"href":"https:\/\/gruene-dieburg.de\/web\/index.php?rest_route=%2Fwp%2Fv2%2Fcategories&post=491"},{"taxonomy":"post_tag","embeddable":true,"href":"https:\/\/gruene-dieburg.de\/web\/index.php?rest_route=%2Fwp%2Fv2%2Ftags&post=491"}],"curies":[{"name":"wp","href":"https:\/\/api.w.org\/{rel}","templated":true}]}}