{"id":480,"date":"2016-07-22T12:06:31","date_gmt":"2016-07-22T12:06:31","guid":{"rendered":"http:\/\/gruene-dieburg.de\/dieblog\/?p=480"},"modified":"2022-01-31T11:04:28","modified_gmt":"2022-01-31T11:04:28","slug":"rochusgelaende","status":"publish","type":"post","link":"https:\/\/gruene-dieburg.de\/web\/?p=480","title":{"rendered":"Rochusgel\u00e4nde"},"content":{"rendered":"<p>Zum 31. Juli wird das St. Rochus-Krankenhaus schlie\u00dfen. Und nun geht es darum,<!--more--><\/p>\n<ol>\n<li>das Vorkaufsrecht f\u00fcr dieses Areal auszu\u00fcben<\/li>\n<li>das Areal einer Nutzung zuzuf\u00fchren, von der die B\u00fcrgerinnen und B\u00fcrger von Dieburg einen m\u00f6glichst gro\u00dfen Nutzen haben<\/li>\n<\/ol>\n<p>Wir GR\u00dcNE sind daf\u00fcr, dass der Magistrat sein Vorkaufsrecht nutzt und das Gel\u00e4nde in der Hand der Stadt verbleibt.<br \/>\nUnd wir m\u00f6chten den bereits aufgez\u00e4hlten Kriterien<\/p>\n<ul>\n<li>Fl\u00e4che f\u00fcr Gesundheitsvorsorge<\/li>\n<li>sozial vertr\u00e4glicher Wohnungsbau<\/li>\n<li>Entwicklung innerst\u00e4dtischer Parkfl\u00e4che<\/li>\n<\/ul>\n<p>noch einen weiteren Punkt hinzuf\u00fcgen, n\u00e4mlich <\/p>\n<ul>\n<li>R\u00e4umlichkeiten f\u00fcr soziale Begegnungen schaffen.<\/li>\n<\/ul>\n<p>Es g\u00e4be des weiteren die M\u00f6glichkeit, den Dieburgern und Dieburgerinnen wenigstens ein bisschen St. Rochus zu erhalten. Wir k\u00f6nnen z. B. eine der gro\u00dfen Kastanien stehen lassen und einen kleinen Platz der Erholung und Erbauung schaffen. Und wir k\u00f6nnen die Marienstatue in das neue Ensemble integrieren. Einfach ein Pl\u00e4tzchen zum Innehalten, mitten in der Stadt.<\/p>\n<p>I. Haberer-Six<\/p>\n","protected":false},"excerpt":{"rendered":"<p>Zum 31. Juli wird das St. Rochus-Krankenhaus schlie\u00dfen. Und nun geht es darum,<\/p>\n","protected":false},"author":8,"featured_media":0,"comment_status":"closed","ping_status":"closed","sticky":false,"template":"","format":"standard","meta":[],"categories":[2],"tags":[],"_links":{"self":[{"href":"https:\/\/gruene-dieburg.de\/web\/index.php?rest_route=\/wp\/v2\/posts\/480"}],"collection":[{"href":"https:\/\/gruene-dieburg.de\/web\/index.php?rest_route=\/wp\/v2\/posts"}],"about":[{"href":"https:\/\/gruene-dieburg.de\/web\/index.php?rest_route=\/wp\/v2\/types\/post"}],"author":[{"embeddable":true,"href":"https:\/\/gruene-dieburg.de\/web\/index.php?rest_route=\/wp\/v2\/users\/8"}],"replies":[{"embeddable":true,"href":"https:\/\/gruene-dieburg.de\/web\/index.php?rest_route=%2Fwp%2Fv2%2Fcomments&post=480"}],"version-history":[{"count":2,"href":"https:\/\/gruene-dieburg.de\/web\/index.php?rest_route=\/wp\/v2\/posts\/480\/revisions"}],"predecessor-version":[{"id":763,"href":"https:\/\/gruene-dieburg.de\/web\/index.php?rest_route=\/wp\/v2\/posts\/480\/revisions\/763"}],"wp:attachment":[{"href":"https:\/\/gruene-dieburg.de\/web\/index.php?rest_route=%2Fwp%2Fv2%2Fmedia&parent=480"}],"wp:term":[{"taxonomy":"category","embeddable":true,"href":"https:\/\/gruene-dieburg.de\/web\/index.php?rest_route=%2Fwp%2Fv2%2Fcategories&post=480"},{"taxonomy":"post_tag","embeddable":true,"href":"https:\/\/gruene-dieburg.de\/web\/index.php?rest_route=%2Fwp%2Fv2%2Ftags&post=480"}],"curies":[{"name":"wp","href":"https:\/\/api.w.org\/{rel}","templated":true}]}}