{"id":2501,"date":"2026-03-13T14:59:00","date_gmt":"2026-03-13T14:59:00","guid":{"rendered":"https:\/\/gruene-dieburg.de\/web\/?p=2501"},"modified":"2026-03-13T14:59:00","modified_gmt":"2026-03-13T14:59:00","slug":"fuenf-jahre-gruene-initiativen-nichtstun-ist-keine-option","status":"publish","type":"post","link":"https:\/\/gruene-dieburg.de\/web\/?p=2501","title":{"rendered":"F\u00fcnf Jahre gr\u00fcne Initiativen \u2013 \u201eNichtstun ist keine Option\u201c"},"content":{"rendered":"<p>Zum Abschluss des Kommunalwahlkampfs ziehen B\u00fcndnis 90\/Die Gr\u00fcnen in Dieburg eine Bilanz ihrer Arbeit in der Stadtverordnetenversammlung. In den vergangenen f\u00fcnf Jahren hat die Fraktion nahezu 100 Anfragen und Antr\u00e4ge zu zentralen Zukunftsthemen eingebracht \u2013 von Klimaschutz und Mobilit\u00e4t \u00fcber Kinderbetreuung und B\u00fcrgerbeteiligung bis hin zu bezahlbarem Wohnraum.<br \/>\nNach Angaben der Gr\u00fcnen wurden rund 90 Prozent dieser Initiativen von der Mehrheitskooperation abgelehnt oder vertagt. Aus Sicht der Fraktion konnten dadurch wichtige Ma\u00dfnahmen f\u00fcr eine nachhaltige Stadtentwicklung bislang nicht umgesetzt werden.<br \/>\nZu den Vorschl\u00e4gen der Gr\u00fcnen geh\u00f6rten unter anderem ein Hitzeschutzkonzept und eine Klimafunktionskarte f\u00fcr Dieburg, eine Baumschutzsatzung, der Ausbau der Fahrradinfrastruktur, sichere Schulwege, ein \u00d6PNV-Ringbus sowie Ma\u00dfnahmen f\u00fcr eine verl\u00e4sslichere Kinderbetreuung und st\u00e4rkere Beteiligung von Kindern und Jugendlichen. Auch Initiativen f\u00fcr mehr Photovoltaik, Energiesparma\u00dfnahmen in kommunalen Geb\u00e4uden, bezahlbaren Wohnraum und mehr B\u00fcrgerbeteiligung wurden eingebracht.<br \/>\n\u201eViele dieser Vorschl\u00e4ge zielen darauf ab, Dieburg besser auf die Herausforderungen der Zukunft vorzubereiten \u2013 etwa auf zunehmende Hitzeperioden, die Verkehrswende oder den Bedarf an guter Kinderbetreuung\u201c, erkl\u00e4ren die Gr\u00fcnen. \u201eLeider wurden zahlreiche dieser Initiativen von der bisherigen Mehrheit ausgebremst.\u201c<br \/>\nF\u00fcr die Gr\u00fcnen zeigt diese Bilanz, dass es neue politische Mehrheiten und einen klaren Zukunftskurs braucht. \u201eNichtstun ist f\u00fcr uns keine Option. Wir wollen Dieburg sozial gerecht, klimafreundlich und lebenswert weiterentwickeln.\u201c<br \/>\nMit Blick auf die Kommunalwahl am 15. M\u00e4rz werben die Gr\u00fcnen deshalb f\u00fcr einen Politikwechsel. \u201eMit neuen Mehrheiten kann vieles m\u00f6glich werden \u2013 f\u00fcr eine nachhaltige und lebenswerte Zukunft unserer Stadt.\u201c<\/p>\n<img src=\"http:\/\/gruene-dieburg.de\/oeffarbeit\/20260311-kw26-Bilanz.jpg\" alt=\"bilanz\" \/>\n","protected":false},"excerpt":{"rendered":"<p>Zum Abschluss des Kommunalwahlkampfs ziehen B\u00fcndnis 90\/Die Gr\u00fcnen in Dieburg eine Bilanz ihrer Arbeit in der Stadtverordnetenversammlung. In den vergangenen f\u00fcnf Jahren hat die Fraktion nahezu 100 Anfragen und Antr\u00e4ge&#8230; <\/p>\n","protected":false},"author":8,"featured_media":0,"comment_status":"open","ping_status":"closed","sticky":false,"template":"","format":"standard","meta":[],"categories":[2],"tags":[],"_links":{"self":[{"href":"https:\/\/gruene-dieburg.de\/web\/index.php?rest_route=\/wp\/v2\/posts\/2501"}],"collection":[{"href":"https:\/\/gruene-dieburg.de\/web\/index.php?rest_route=\/wp\/v2\/posts"}],"about":[{"href":"https:\/\/gruene-dieburg.de\/web\/index.php?rest_route=\/wp\/v2\/types\/post"}],"author":[{"embeddable":true,"href":"https:\/\/gruene-dieburg.de\/web\/index.php?rest_route=\/wp\/v2\/users\/8"}],"replies":[{"embeddable":true,"href":"https:\/\/gruene-dieburg.de\/web\/index.php?rest_route=%2Fwp%2Fv2%2Fcomments&post=2501"}],"version-history":[{"count":1,"href":"https:\/\/gruene-dieburg.de\/web\/index.php?rest_route=\/wp\/v2\/posts\/2501\/revisions"}],"predecessor-version":[{"id":2502,"href":"https:\/\/gruene-dieburg.de\/web\/index.php?rest_route=\/wp\/v2\/posts\/2501\/revisions\/2502"}],"wp:attachment":[{"href":"https:\/\/gruene-dieburg.de\/web\/index.php?rest_route=%2Fwp%2Fv2%2Fmedia&parent=2501"}],"wp:term":[{"taxonomy":"category","embeddable":true,"href":"https:\/\/gruene-dieburg.de\/web\/index.php?rest_route=%2Fwp%2Fv2%2Fcategories&post=2501"},{"taxonomy":"post_tag","embeddable":true,"href":"https:\/\/gruene-dieburg.de\/web\/index.php?rest_route=%2Fwp%2Fv2%2Ftags&post=2501"}],"curies":[{"name":"wp","href":"https:\/\/api.w.org\/{rel}","templated":true}]}}