{"id":2264,"date":"2023-09-20T08:54:31","date_gmt":"2023-09-20T08:54:31","guid":{"rendered":"https:\/\/gruene-dieburg.de\/web\/?p=2264"},"modified":"2023-09-20T08:57:24","modified_gmt":"2023-09-20T08:57:24","slug":"2264","status":"publish","type":"post","link":"https:\/\/gruene-dieburg.de\/web\/?p=2264","title":{"rendered":"Dieburger GR\u00dcNEN w\u00e4hlen neuen Ortsverbandsvorstand"},"content":{"rendered":"<p><a class=\"fancybox\" rel=\"gallery2264\" href=\"https:\/\/gruene-dieburg.de\/bilder\/20230916135621-ov-vorstand-800.jpg\"><img src=\"https:\/\/gruene-dieburg.de\/bilder\/20230916135621-ov-vorstand-300.jpg\" class=\"bildlinks\" \/><\/a>Die Dieburger GR\u00dcNEN haben bei ihrer j\u00fcngsten Mitgliederversammlung einen neuen Ortsverbandsvorstand gew\u00e4hlt, der die kommenden Aufgaben und Herausforderungen weiterhin mit vollem Engagement angehen wird. <\/p>\n<p>&#8222;Wir sind fest entschlossen, die \u00f6kologischen und sozialen Anliegen unserer Stadtgesellschaft voranzutreiben und gemeinsam Ver\u00e4nderungen zu gestalten&#8220;, betonte Gerhild Krause, die erneut zur Vorsitzenden des Ortsverbands gew\u00e4hlt wurde. <\/p>\n<p>Auch Barbara Roos und Christian Grau wurden in ihrer Funktion als Stellvertreter:in  best\u00e4tigt, und werden ihre Erfahrung und ihr Engagement neben der Arbeit in der Stadtverordnetenversammlung weiterhin in die Arbeit des Vorstands einbringen.  <\/p>\n<p>Die finanziellen Angelegenheiten des Ortsverbands werden weiterhin von Dr. Helena Schwa\u00dfmann als Kassiererin verantwortet. <\/p>\n<p>Neu in den Vorstand gew\u00e4hlt wurden Dr. Corinna Weiss und Tobias Gfall. Sie \u00fcbernehmen k\u00fcnftig die Funktion der Beisitzerin und des Beisitzers. &#8222;Damit bekommen wir nun einen guten Einblick in die politische Arbeit und k\u00f6nnen unsere Ideen noch besser einbringen&#8220;, erkl\u00e4ren beide einvernehmlich. <\/p>\n<p>Der neue Ortsverbandsvorstand der Dieburger GR\u00dcNEN ist hochmotiviert und freut sich darauf, die Anliegen der B\u00fcrgerinnen und B\u00fcrger von Dieburg weiterhin tatkr\u00e4ftig zu vertreten und f\u00fcr eine nachhaltige und zukunftsorientierte Politik einzustehen. \u201dEs ist nicht selbstverst\u00e4ndlich\u201d, sagt Gerhild Krause, \u201ddass Menschen ihre Zeit und ihr Wissen der Gesellschaft auf diese Weise zur Verf\u00fcgung stellen. Dass sich unser Ortsverband in den letzten Jahren immer weiter vergr\u00f6\u00dfert, zeigt zudem neben dem guten Wahlergebnis der letzten Kommunalwahl, dass unsere Themen die Menschen ansprechen und von den Dieburgerinnen und Dieburgern unterst\u00fctzt werden.\u201d <\/p>\n","protected":false},"excerpt":{"rendered":"<p>Die Dieburger GR\u00dcNEN haben bei ihrer j\u00fcngsten Mitgliederversammlung einen neuen Ortsverbandsvorstand gew\u00e4hlt, der die kommenden Aufgaben und Herausforderungen weiterhin mit vollem Engagement angehen wird. &#8222;Wir sind fest entschlossen, die \u00f6kologischen&#8230; <\/p>\n","protected":false},"author":8,"featured_media":0,"comment_status":"open","ping_status":"closed","sticky":false,"template":"","format":"standard","meta":[],"categories":[2],"tags":[],"_links":{"self":[{"href":"https:\/\/gruene-dieburg.de\/web\/index.php?rest_route=\/wp\/v2\/posts\/2264"}],"collection":[{"href":"https:\/\/gruene-dieburg.de\/web\/index.php?rest_route=\/wp\/v2\/posts"}],"about":[{"href":"https:\/\/gruene-dieburg.de\/web\/index.php?rest_route=\/wp\/v2\/types\/post"}],"author":[{"embeddable":true,"href":"https:\/\/gruene-dieburg.de\/web\/index.php?rest_route=\/wp\/v2\/users\/8"}],"replies":[{"embeddable":true,"href":"https:\/\/gruene-dieburg.de\/web\/index.php?rest_route=%2Fwp%2Fv2%2Fcomments&post=2264"}],"version-history":[{"count":6,"href":"https:\/\/gruene-dieburg.de\/web\/index.php?rest_route=\/wp\/v2\/posts\/2264\/revisions"}],"predecessor-version":[{"id":2270,"href":"https:\/\/gruene-dieburg.de\/web\/index.php?rest_route=\/wp\/v2\/posts\/2264\/revisions\/2270"}],"wp:attachment":[{"href":"https:\/\/gruene-dieburg.de\/web\/index.php?rest_route=%2Fwp%2Fv2%2Fmedia&parent=2264"}],"wp:term":[{"taxonomy":"category","embeddable":true,"href":"https:\/\/gruene-dieburg.de\/web\/index.php?rest_route=%2Fwp%2Fv2%2Fcategories&post=2264"},{"taxonomy":"post_tag","embeddable":true,"href":"https:\/\/gruene-dieburg.de\/web\/index.php?rest_route=%2Fwp%2Fv2%2Ftags&post=2264"}],"curies":[{"name":"wp","href":"https:\/\/api.w.org\/{rel}","templated":true}]}}