{"id":125,"date":"2013-11-06T20:09:20","date_gmt":"2013-11-06T20:09:20","guid":{"rendered":"http:\/\/gruene-dieburg.de\/dieblog\/?p=125"},"modified":"2020-11-03T09:07:37","modified_gmt":"2020-11-03T09:07:37","slug":"neu-aufgestellt","status":"publish","type":"post","link":"https:\/\/gruene-dieburg.de\/web\/?p=125","title":{"rendered":"Neu aufgestellt"},"content":{"rendered":"<p>Auf der diesj\u00e4hrigen Hauptversammlung des Ortsverbands B\u00fcndnis 90\/Die GR\u00dcNEN Dieburg wurden Neuwahlen des Vorstands durchgef\u00fchrt.<\/p>\n<p>Neuer erster Vorsitzender ist Sebastian St\u00f6veken. Der 39j\u00e4hrige Bankbetriebswirt ist seit 2011 Mitglied der GR\u00dcNEN und war bisher Kassenf\u00fchrer. Er l\u00f6st den bisherigen Vorsitzenden Herbert Nebel ab, der sich nicht mehr zur Wahl stellte. Vertreten wird Sebastian St\u00f6veken von Barbara Roos, die Irmgard Haberer-Six als zweite Vorsitzende abl\u00f6st. Barbara Roos ist langj\u00e4hriges Parteimitglied und ebenso wie der Vorsitzende in der Dieburger Stadtverordnetenversammlung vertreten. Au\u00dferdem ist sie Abgeordnete des Kreistags Darmstadt-Dieburg. Mit der Kassenf\u00fchrung wurde Stephan Weber beauftragt.<\/p>\n<p>Der neue OV-Vorstand dankte in seiner Antrittsrede den bisherigen Amtsinhabern und bat die anwesenden Mitglieder um Unterst\u00fctzung f\u00fcr die bevorstehenden Aufgaben. Die bereits in der Vergangenheit praktizierte Beteiligung interessierter Mitb\u00fcrgerinnen und Mitb\u00fcrger an (kommunal-) politischen Themen soll auch in Zukunft weitergef\u00fchrt werden. Zu speziellen Programmpunkten wurden Arbeitskreise gebildet, zu denen sich die GR\u00dcNEN rege Beteiligung w\u00fcnschen. Au\u00dferdem m\u00f6chte sich der Ortsverein mit den jeweiligen Stadtleitbildpatinnen und Paten \u00fcber den Fortschritt ihrer Fachgebiete austauschen. Schon jetzt ist das Thema Mobilisierung und Mitgliederwerbung f\u00fcr den neuen OV-Vorstand auf der Agenda. \u201eWir w\u00fcnschen uns vielf\u00e4ltiges Engagement in allen Belangen der Dieburger Kommunalpolitik, von der Kinderbetreuung bis zum Thema Mobilit\u00e4t im Alter\u201c, so der neugew\u00e4hlte Ortsverbandsvorstand.<\/p>\n","protected":false},"excerpt":{"rendered":"<p>Auf der diesj\u00e4hrigen Hauptversammlung des Ortsverbands B\u00fcndnis 90\/Die GR\u00dcNEN Dieburg wurden Neuwahlen des Vorstands durchgef\u00fchrt. Neuer erster Vorsitzender ist Sebastian St\u00f6veken. Der 39j\u00e4hrige Bankbetriebswirt ist seit 2011 Mitglied der GR\u00dcNEN&#8230; <\/p>\n","protected":false},"author":3,"featured_media":0,"comment_status":"closed","ping_status":"closed","sticky":false,"template":"","format":"standard","meta":[],"categories":[2],"tags":[],"_links":{"self":[{"href":"https:\/\/gruene-dieburg.de\/web\/index.php?rest_route=\/wp\/v2\/posts\/125"}],"collection":[{"href":"https:\/\/gruene-dieburg.de\/web\/index.php?rest_route=\/wp\/v2\/posts"}],"about":[{"href":"https:\/\/gruene-dieburg.de\/web\/index.php?rest_route=\/wp\/v2\/types\/post"}],"author":[{"embeddable":true,"href":"https:\/\/gruene-dieburg.de\/web\/index.php?rest_route=\/wp\/v2\/users\/3"}],"replies":[{"embeddable":true,"href":"https:\/\/gruene-dieburg.de\/web\/index.php?rest_route=%2Fwp%2Fv2%2Fcomments&post=125"}],"version-history":[{"count":1,"href":"https:\/\/gruene-dieburg.de\/web\/index.php?rest_route=\/wp\/v2\/posts\/125\/revisions"}],"predecessor-version":[{"id":1376,"href":"https:\/\/gruene-dieburg.de\/web\/index.php?rest_route=\/wp\/v2\/posts\/125\/revisions\/1376"}],"wp:attachment":[{"href":"https:\/\/gruene-dieburg.de\/web\/index.php?rest_route=%2Fwp%2Fv2%2Fmedia&parent=125"}],"wp:term":[{"taxonomy":"category","embeddable":true,"href":"https:\/\/gruene-dieburg.de\/web\/index.php?rest_route=%2Fwp%2Fv2%2Fcategories&post=125"},{"taxonomy":"post_tag","embeddable":true,"href":"https:\/\/gruene-dieburg.de\/web\/index.php?rest_route=%2Fwp%2Fv2%2Ftags&post=125"}],"curies":[{"name":"wp","href":"https:\/\/api.w.org\/{rel}","templated":true}]}}